{"id":17475,"date":"2023-11-15T17:16:59","date_gmt":"2023-11-15T16:16:59","guid":{"rendered":"https:\/\/www.coalitionfrancaise.org\/?p=17475"},"modified":"2025-02-28T17:19:11","modified_gmt":"2025-02-28T16:19:11","slug":"the-dardenne-brothers-viviane-reding-and-the-association-tournesol-artists-at-the-hospital-winners-of-the-2023-diversity-awards","status":"publish","type":"post","link":"https:\/\/www.coalitionfrancaise.org\/en\/the-dardenne-brothers-viviane-reding-and-the-association-tournesol-artists-at-the-hospital-winners-of-the-2023-diversity-awards\/","title":{"rendered":"THE DARDENNE BROTHERS, VIVIANE REDING, AND THE ASSOCIATION TOURNESOL ARTISTS AT THE HOSPITAL, WINNERS OF THE 2023 DIVERSITY AWARDS"},"content":{"rendered":"<p>The French Coalition for Cultural Diversity has just awarded <b>Viviane Reding<\/b>, former Member of the European Parliament and European Commissioner,<b> and Jean-Pierre and Luc Dardenne<\/b>, directors, screenwriters and producers,<b> the 2023 Diversity Awards <\/b>in recognition of their commitment to cultural diversity. The Coalition is also recognising the organisation<b> Tournesol Artistes \u00e0 l&#8217;h\u00f4pital <\/b>for its work promoting culture in all its forms in healthcare establishments in the \u00cele-de-France region through its project \u2018Artistes \u00e0 l&#8217;h\u00f4pital, favoriser l&#8217;acc\u00e8s \u00e0 la culture dans les \u00e9tablissements de soins\u2019 (Artists in hospital, promoting access to culture in healthcare establishments). The award ceremony will take place on Wednesday 6 December at 7.30 pm in the SACD salons.<\/p>\n<p>Created in 1997, the French Coalition for Cultural Diversity brings together nearly fifty professional organisations from all cultural and creative sectors such as cinema, audiovisual, performing arts, publishing, music, graphic and plastic arts. Together, they defend freedom of expression and creation, and the right of each State to define policies to support creation.<\/p>\n<p>Awarded since 2011, the Cultural Diversity Prizes are intended to support initiatives, reward political, professional and artistic careers and encourage good practices that can help promote and defend cultural diversity.<\/p>\n<p><b>Viviane Reding<\/b>, who started out as a journalist, has held major political responsibilities at the heart of Europe, both in the European Parliament as an MEP and as a <b>European Commissioner <\/b>with successive portfolios for telecommunications, education, culture and justice. She is a politician who has left her mark on the European Union. Convinced that culture is Europe&#8217;s DNA, she has played a major role in the fight for a Europe that protects creativity and cultural diversity. In particular, she set up the MEDIA Plus programme to help with the development, distribution and promotion of cinematographic works. It has also always endeavoured to defend a framework for the digital world that supports European sovereignty, preserves copyright and guarantees visibility and funding for European creativity.<\/p>\n<p><b>Jean-Pierre and Luc Dardenne<\/b> are committed <b>screenwriters<\/b>, <b>directors <\/b>and producers who uphold European cinema and the defence of cultural diversity. The Dardenne brothers have won several awards, including <b>two Palmes d&#8217;Or at the Cannes Film <\/b>Festival for Rosetta (1999) and The Child (2005), both realistic and socially committed works. They are staunch defenders of European cinema and committed promoters of cultural diversity. They have always mobilised <b>at the heart of the European institutions<\/b> to voice the concerns of the audiovisual sector and have defended the importance of supporting creation in all its diversity in Europe. They are an example of what cinema can bring to the world: a message of hope and solidarity.<\/p>\n<p><strong>The Tournesol association Artists in hospital<\/strong><\/p>\n<p>The Tournesol association offers artistic performances at patients&#8217; bedsides and in their living spaces through its project \u201c<b>Artistes \u00e0 l&#8217;h\u00f4pital, favoriser l&#8217;acc\u00e8s \u00e0 la culture dans les \u00e9tablissements de soins<\/b>\u201d (Artists in hospital, promoting access to culture in healthcare facilities). It performs for patients of all ages in a wide variety of places: retirement homes, general, psychiatric and paediatric hospitals, etc. The association, created in 1990, also organises artistic workshops in healthcare establishments. These workshops cover different disciplines, such as voice, percussion, theatre and writing. Tournesol plays an essential role in <b>making culture and its various expressions accessible in hospitals<\/b>. During a performance, the artists forge links with the patients and help them to escape. They stimulate their imagination and provide them with a resource to sweeten their daily lives.<\/p>\n<p><strong>The winners of previous editions of the cultural diversity prize:<\/strong><\/p>\n<p><strong>2022: Fran\u00e7oise Nyssen and the association Enharmonique<\/strong><\/p>\n<p><strong>2021: Nabil Ayouch and the association Principe Actif<\/strong><\/p>\n<p><strong>2020: Audrey Azoulay, the Festival Les Suds, in Arles and the organisation Rualit\u00e9<\/strong><\/p>\n<p><strong>2019: Costa Gavras and Clowns Sans Fronti\u00e8res<\/strong><\/p>\n<p><strong>2018: Pierre Sellal and the Nuits M\u00e9tis Festival<\/strong><\/p>\n<p><strong>2017: V\u00e9ronique Gu\u00e8vremont, Ivan Bernier and the Sens Interdits Festival<\/strong><\/p>\n<p><strong>2016: Silvia Costa, Jacques Toubon and the Caravane des Dix Mots<\/strong><\/p>\n<p><strong>2015: Micha\u00eblle Jean and the Art \u00e9clair association<\/strong><\/p>\n<p><strong>2014: Thomas Ostermeier and the Observatory of Cultural Diversity<\/strong><\/p>\n<p><strong>2013: Cristian Mungiu and the association Voix de Femmes in Brussels<\/strong><\/p>\n<p><strong>2012: Raoul Peck, Louise Beaudoin and ASPAS<\/strong><\/p>\n<p><strong>2011: Jack Ralite, Jean Musitelli and the Festival Musiques M\u00e9tisses<\/strong><\/p>\n","protected":false},"excerpt":{"rendered":"<p>The French Coalition for Cultural Diversity has just awarded Viviane Reding, former Member of the European Parliament and European Commissioner, and Jean-Pierre and Luc Dardenne, directors, screenwriters and producers, the 2023 Diversity Awards in recognition of their commitment to cultural diversity. The Coalition is also recognising the organisation Tournesol Artistes \u00e0 l&#8217;h\u00f4pital for its work &hellip;<\/p>\n<p class=\"read-more\"> <a class=\"\" href=\"https:\/\/www.coalitionfrancaise.org\/en\/the-dardenne-brothers-viviane-reding-and-the-association-tournesol-artists-at-the-hospital-winners-of-the-2023-diversity-awards\/\"> <span class=\"screen-reader-text\">THE DARDENNE BROTHERS, VIVIANE REDING, AND THE ASSOCIATION TOURNESOL ARTISTS AT THE HOSPITAL, WINNERS OF THE 2023 DIVERSITY AWARDS<\/span> Read More \u00bb<\/a><\/p>\n","protected":false},"author":14,"featured_media":13216,"comment_status":"closed","ping_status":"closed","sticky":false,"template":"","format":"standard","meta":{"site-sidebar-layout":"default","site-content-layout":"default","ast-global-header-display":"","ast-main-header-display":"","ast-hfb-above-header-display":"","ast-hfb-below-header-display":"","ast-hfb-mobile-header-display":"","site-post-title":"","ast-breadcrumbs-content":"","ast-featured-img":"","footer-sml-layout":"","theme-transparent-header-meta":"default","adv-header-id-meta":"","stick-header-meta":"default","header-above-stick-meta":"","header-main-stick-meta":"","header-below-stick-meta":"","ngg_post_thumbnail":0},"categories":[331],"tags":[330],"acf":[],"yoast_head":"<!-- This site is optimized with the Yoast SEO plugin v20.3 - https:\/\/yoast.com\/wordpress\/plugins\/seo\/ -->\n<title>THE DARDENNE BROTHERS, VIVIANE REDING, AND THE ASSOCIATION TOURNESOL ARTISTS AT THE HOSPITAL, WINNERS OF THE 2023 DIVERSITY AWARDS &bull; Coalition fran\u00e7aise pour la diversit\u00e9 culturelle<\/title>\n<meta name=\"robots\" content=\"index, follow, max-snippet:-1, max-image-preview:large, max-video-preview:-1\" \/>\n<link rel=\"canonical\" href=\"https:\/\/www.coalitionfrancaise.org\/en\/the-dardenne-brothers-viviane-reding-and-the-association-tournesol-artists-at-the-hospital-winners-of-the-2023-diversity-awards\/\" \/>\n<meta name=\"twitter:label1\" content=\"Written by\" \/>\n\t<meta name=\"twitter:data1\" content=\"zoe.lencki@sacd.fr\" \/>\n\t<meta name=\"twitter:label2\" content=\"Est. reading time\" \/>\n\t<meta name=\"twitter:data2\" content=\"4 minutes\" \/>\n<script type=\"application\/ld+json\" class=\"yoast-schema-graph\">{\"@context\":\"https:\/\/schema.org\",\"@graph\":[{\"@type\":\"Article\",\"@id\":\"https:\/\/www.coalitionfrancaise.org\/en\/the-dardenne-brothers-viviane-reding-and-the-association-tournesol-artists-at-the-hospital-winners-of-the-2023-diversity-awards\/#article\",\"isPartOf\":{\"@id\":\"https:\/\/www.coalitionfrancaise.org\/en\/the-dardenne-brothers-viviane-reding-and-the-association-tournesol-artists-at-the-hospital-winners-of-the-2023-diversity-awards\/\"},\"author\":{\"name\":\"zoe.lencki@sacd.fr\",\"@id\":\"https:\/\/www.coalitionfrancaise.org\/en\/#\/schema\/person\/d0f6e58e6ccb656880ce15c121e5fc40\"},\"headline\":\"THE DARDENNE BROTHERS, VIVIANE REDING, AND THE ASSOCIATION TOURNESOL ARTISTS AT THE HOSPITAL, WINNERS OF THE 2023 DIVERSITY AWARDS\",\"datePublished\":\"2023-11-15T16:16:59+00:00\",\"dateModified\":\"2025-02-28T16:19:11+00:00\",\"mainEntityOfPage\":{\"@id\":\"https:\/\/www.coalitionfrancaise.org\/en\/the-dardenne-brothers-viviane-reding-and-the-association-tournesol-artists-at-the-hospital-winners-of-the-2023-diversity-awards\/\"},\"wordCount\":691,\"publisher\":{\"@id\":\"https:\/\/www.coalitionfrancaise.org\/en\/#organization\"},\"keywords\":[\"Cultural diversity awards\"],\"articleSection\":[\"Cultural Diversity Prize\"],\"inLanguage\":\"en-US\"},{\"@type\":\"WebPage\",\"@id\":\"https:\/\/www.coalitionfrancaise.org\/en\/the-dardenne-brothers-viviane-reding-and-the-association-tournesol-artists-at-the-hospital-winners-of-the-2023-diversity-awards\/\",\"url\":\"https:\/\/www.coalitionfrancaise.org\/en\/the-dardenne-brothers-viviane-reding-and-the-association-tournesol-artists-at-the-hospital-winners-of-the-2023-diversity-awards\/\",\"name\":\"THE DARDENNE BROTHERS, VIVIANE REDING, AND THE ASSOCIATION TOURNESOL ARTISTS AT THE HOSPITAL, WINNERS OF THE 2023 DIVERSITY AWARDS &bull; Coalition fran\u00e7aise pour la diversit\u00e9 culturelle\",\"isPartOf\":{\"@id\":\"https:\/\/www.coalitionfrancaise.org\/en\/#website\"},\"datePublished\":\"2023-11-15T16:16:59+00:00\",\"dateModified\":\"2025-02-28T16:19:11+00:00\",\"breadcrumb\":{\"@id\":\"https:\/\/www.coalitionfrancaise.org\/en\/the-dardenne-brothers-viviane-reding-and-the-association-tournesol-artists-at-the-hospital-winners-of-the-2023-diversity-awards\/#breadcrumb\"},\"inLanguage\":\"en-US\",\"potentialAction\":[{\"@type\":\"ReadAction\",\"target\":[\"https:\/\/www.coalitionfrancaise.org\/en\/the-dardenne-brothers-viviane-reding-and-the-association-tournesol-artists-at-the-hospital-winners-of-the-2023-diversity-awards\/\"]}]},{\"@type\":\"BreadcrumbList\",\"@id\":\"https:\/\/www.coalitionfrancaise.org\/en\/the-dardenne-brothers-viviane-reding-and-the-association-tournesol-artists-at-the-hospital-winners-of-the-2023-diversity-awards\/#breadcrumb\",\"itemListElement\":[{\"@type\":\"ListItem\",\"position\":1,\"name\":\"Accueil\",\"item\":\"https:\/\/www.coalitionfrancaise.org\/en\/home\/\"},{\"@type\":\"ListItem\",\"position\":2,\"name\":\"THE DARDENNE BROTHERS, VIVIANE REDING, AND THE ASSOCIATION TOURNESOL ARTISTS AT THE HOSPITAL, WINNERS OF THE 2023 DIVERSITY AWARDS\"}]},{\"@type\":\"WebSite\",\"@id\":\"https:\/\/www.coalitionfrancaise.org\/en\/#website\",\"url\":\"https:\/\/www.coalitionfrancaise.org\/en\/\",\"name\":\"Coalition fran\u00e7aise pour la diversit\u00e9 culturelle\",\"description\":\"D\u00e9fense la diversit\u00e9 culturelle dans les n\u00e9gociations commerciales internationales.\",\"publisher\":{\"@id\":\"https:\/\/www.coalitionfrancaise.org\/en\/#organization\"},\"potentialAction\":[{\"@type\":\"SearchAction\",\"target\":{\"@type\":\"EntryPoint\",\"urlTemplate\":\"https:\/\/www.coalitionfrancaise.org\/en\/?s={search_term_string}\"},\"query-input\":\"required name=search_term_string\"}],\"inLanguage\":\"en-US\"},{\"@type\":\"Organization\",\"@id\":\"https:\/\/www.coalitionfrancaise.org\/en\/#organization\",\"name\":\"Coalition Fran\u00e7aise pour la Diversit\u00e9 Culturelle\",\"url\":\"https:\/\/www.coalitionfrancaise.org\/en\/\",\"logo\":{\"@type\":\"ImageObject\",\"inLanguage\":\"en-US\",\"@id\":\"https:\/\/www.coalitionfrancaise.org\/en\/#\/schema\/logo\/image\/\",\"url\":\"https:\/\/www.coalitionfrancaise.org\/wp-content\/uploads\/2021\/12\/coalitionFrancaise.png\",\"contentUrl\":\"https:\/\/www.coalitionfrancaise.org\/wp-content\/uploads\/2021\/12\/coalitionFrancaise.png\",\"width\":190,\"height\":138,\"caption\":\"Coalition Fran\u00e7aise pour la Diversit\u00e9 Culturelle\"},\"image\":{\"@id\":\"https:\/\/www.coalitionfrancaise.org\/en\/#\/schema\/logo\/image\/\"}},{\"@type\":\"Person\",\"@id\":\"https:\/\/www.coalitionfrancaise.org\/en\/#\/schema\/person\/d0f6e58e6ccb656880ce15c121e5fc40\",\"name\":\"zoe.lencki@sacd.fr\",\"image\":{\"@type\":\"ImageObject\",\"inLanguage\":\"en-US\",\"@id\":\"https:\/\/www.coalitionfrancaise.org\/en\/#\/schema\/person\/image\/\",\"url\":\"https:\/\/secure.gravatar.com\/avatar\/a79dfe2b8b0532be8305b55de5e8135c?s=96&d=mm&r=g\",\"contentUrl\":\"https:\/\/secure.gravatar.com\/avatar\/a79dfe2b8b0532be8305b55de5e8135c?s=96&d=mm&r=g\",\"caption\":\"zoe.lencki@sacd.fr\"},\"url\":\"https:\/\/www.coalitionfrancaise.org\/en\/author\/zoe-lenckisacd-fr\/\"}]}<\/script>\n<!-- \/ Yoast SEO plugin. -->","yoast_head_json":{"title":"THE DARDENNE BROTHERS, VIVIANE REDING, AND THE ASSOCIATION TOURNESOL ARTISTS AT THE HOSPITAL, WINNERS OF THE 2023 DIVERSITY AWARDS &bull; Coalition fran\u00e7aise pour la diversit\u00e9 culturelle","robots":{"index":"index","follow":"follow","max-snippet":"max-snippet:-1","max-image-preview":"max-image-preview:large","max-video-preview":"max-video-preview:-1"},"canonical":"https:\/\/www.coalitionfrancaise.org\/en\/the-dardenne-brothers-viviane-reding-and-the-association-tournesol-artists-at-the-hospital-winners-of-the-2023-diversity-awards\/","twitter_misc":{"Written by":"zoe.lencki@sacd.fr","Est. reading time":"4 minutes"},"schema":{"@context":"https:\/\/schema.org","@graph":[{"@type":"Article","@id":"https:\/\/www.coalitionfrancaise.org\/en\/the-dardenne-brothers-viviane-reding-and-the-association-tournesol-artists-at-the-hospital-winners-of-the-2023-diversity-awards\/#article","isPartOf":{"@id":"https:\/\/www.coalitionfrancaise.org\/en\/the-dardenne-brothers-viviane-reding-and-the-association-tournesol-artists-at-the-hospital-winners-of-the-2023-diversity-awards\/"},"author":{"name":"zoe.lencki@sacd.fr","@id":"https:\/\/www.coalitionfrancaise.org\/en\/#\/schema\/person\/d0f6e58e6ccb656880ce15c121e5fc40"},"headline":"THE DARDENNE BROTHERS, VIVIANE REDING, AND THE ASSOCIATION TOURNESOL ARTISTS AT THE HOSPITAL, WINNERS OF THE 2023 DIVERSITY AWARDS","datePublished":"2023-11-15T16:16:59+00:00","dateModified":"2025-02-28T16:19:11+00:00","mainEntityOfPage":{"@id":"https:\/\/www.coalitionfrancaise.org\/en\/the-dardenne-brothers-viviane-reding-and-the-association-tournesol-artists-at-the-hospital-winners-of-the-2023-diversity-awards\/"},"wordCount":691,"publisher":{"@id":"https:\/\/www.coalitionfrancaise.org\/en\/#organization"},"keywords":["Cultural diversity awards"],"articleSection":["Cultural Diversity Prize"],"inLanguage":"en-US"},{"@type":"WebPage","@id":"https:\/\/www.coalitionfrancaise.org\/en\/the-dardenne-brothers-viviane-reding-and-the-association-tournesol-artists-at-the-hospital-winners-of-the-2023-diversity-awards\/","url":"https:\/\/www.coalitionfrancaise.org\/en\/the-dardenne-brothers-viviane-reding-and-the-association-tournesol-artists-at-the-hospital-winners-of-the-2023-diversity-awards\/","name":"THE DARDENNE BROTHERS, VIVIANE REDING, AND THE ASSOCIATION TOURNESOL ARTISTS AT THE HOSPITAL, WINNERS OF THE 2023 DIVERSITY AWARDS &bull; Coalition fran\u00e7aise pour la diversit\u00e9 culturelle","isPartOf":{"@id":"https:\/\/www.coalitionfrancaise.org\/en\/#website"},"datePublished":"2023-11-15T16:16:59+00:00","dateModified":"2025-02-28T16:19:11+00:00","breadcrumb":{"@id":"https:\/\/www.coalitionfrancaise.org\/en\/the-dardenne-brothers-viviane-reding-and-the-association-tournesol-artists-at-the-hospital-winners-of-the-2023-diversity-awards\/#breadcrumb"},"inLanguage":"en-US","potentialAction":[{"@type":"ReadAction","target":["https:\/\/www.coalitionfrancaise.org\/en\/the-dardenne-brothers-viviane-reding-and-the-association-tournesol-artists-at-the-hospital-winners-of-the-2023-diversity-awards\/"]}]},{"@type":"BreadcrumbList","@id":"https:\/\/www.coalitionfrancaise.org\/en\/the-dardenne-brothers-viviane-reding-and-the-association-tournesol-artists-at-the-hospital-winners-of-the-2023-diversity-awards\/#breadcrumb","itemListElement":[{"@type":"ListItem","position":1,"name":"Accueil","item":"https:\/\/www.coalitionfrancaise.org\/en\/home\/"},{"@type":"ListItem","position":2,"name":"THE DARDENNE BROTHERS, VIVIANE REDING, AND THE ASSOCIATION TOURNESOL ARTISTS AT THE HOSPITAL, WINNERS OF THE 2023 DIVERSITY AWARDS"}]},{"@type":"WebSite","@id":"https:\/\/www.coalitionfrancaise.org\/en\/#website","url":"https:\/\/www.coalitionfrancaise.org\/en\/","name":"Coalition fran\u00e7aise pour la diversit\u00e9 culturelle","description":"D\u00e9fense la diversit\u00e9 culturelle dans les n\u00e9gociations commerciales internationales.","publisher":{"@id":"https:\/\/www.coalitionfrancaise.org\/en\/#organization"},"potentialAction":[{"@type":"SearchAction","target":{"@type":"EntryPoint","urlTemplate":"https:\/\/www.coalitionfrancaise.org\/en\/?s={search_term_string}"},"query-input":"required name=search_term_string"}],"inLanguage":"en-US"},{"@type":"Organization","@id":"https:\/\/www.coalitionfrancaise.org\/en\/#organization","name":"Coalition Fran\u00e7aise pour la Diversit\u00e9 Culturelle","url":"https:\/\/www.coalitionfrancaise.org\/en\/","logo":{"@type":"ImageObject","inLanguage":"en-US","@id":"https:\/\/www.coalitionfrancaise.org\/en\/#\/schema\/logo\/image\/","url":"https:\/\/www.coalitionfrancaise.org\/wp-content\/uploads\/2021\/12\/coalitionFrancaise.png","contentUrl":"https:\/\/www.coalitionfrancaise.org\/wp-content\/uploads\/2021\/12\/coalitionFrancaise.png","width":190,"height":138,"caption":"Coalition Fran\u00e7aise pour la Diversit\u00e9 Culturelle"},"image":{"@id":"https:\/\/www.coalitionfrancaise.org\/en\/#\/schema\/logo\/image\/"}},{"@type":"Person","@id":"https:\/\/www.coalitionfrancaise.org\/en\/#\/schema\/person\/d0f6e58e6ccb656880ce15c121e5fc40","name":"zoe.lencki@sacd.fr","image":{"@type":"ImageObject","inLanguage":"en-US","@id":"https:\/\/www.coalitionfrancaise.org\/en\/#\/schema\/person\/image\/","url":"https:\/\/secure.gravatar.com\/avatar\/a79dfe2b8b0532be8305b55de5e8135c?s=96&d=mm&r=g","contentUrl":"https:\/\/secure.gravatar.com\/avatar\/a79dfe2b8b0532be8305b55de5e8135c?s=96&d=mm&r=g","caption":"zoe.lencki@sacd.fr"},"url":"https:\/\/www.coalitionfrancaise.org\/en\/author\/zoe-lenckisacd-fr\/"}]}},"_links":{"self":[{"href":"https:\/\/www.coalitionfrancaise.org\/en\/wp-json\/wp\/v2\/posts\/17475"}],"collection":[{"href":"https:\/\/www.coalitionfrancaise.org\/en\/wp-json\/wp\/v2\/posts"}],"about":[{"href":"https:\/\/www.coalitionfrancaise.org\/en\/wp-json\/wp\/v2\/types\/post"}],"author":[{"embeddable":true,"href":"https:\/\/www.coalitionfrancaise.org\/en\/wp-json\/wp\/v2\/users\/14"}],"replies":[{"embeddable":true,"href":"https:\/\/www.coalitionfrancaise.org\/en\/wp-json\/wp\/v2\/comments?post=17475"}],"version-history":[{"count":1,"href":"https:\/\/www.coalitionfrancaise.org\/en\/wp-json\/wp\/v2\/posts\/17475\/revisions"}],"predecessor-version":[{"id":17476,"href":"https:\/\/www.coalitionfrancaise.org\/en\/wp-json\/wp\/v2\/posts\/17475\/revisions\/17476"}],"wp:featuredmedia":[{"embeddable":true,"href":"https:\/\/www.coalitionfrancaise.org\/en\/wp-json\/wp\/v2\/media\/13216"}],"wp:attachment":[{"href":"https:\/\/www.coalitionfrancaise.org\/en\/wp-json\/wp\/v2\/media?parent=17475"}],"wp:term":[{"taxonomy":"category","embeddable":true,"href":"https:\/\/www.coalitionfrancaise.org\/en\/wp-json\/wp\/v2\/categories?post=17475"},{"taxonomy":"post_tag","embeddable":true,"href":"https:\/\/www.coalitionfrancaise.org\/en\/wp-json\/wp\/v2\/tags?post=17475"}],"curies":[{"name":"wp","href":"https:\/\/api.w.org\/{rel}","templated":true}]}}