{"id":17590,"date":"2022-06-24T15:36:22","date_gmt":"2022-06-24T13:36:22","guid":{"rendered":"https:\/\/www.coalitionfrancaise.org\/?p=17590"},"modified":"2025-03-05T15:38:27","modified_gmt":"2025-03-05T14:38:27","slug":"call-for-applications-cultural-diversity-prize-2022","status":"publish","type":"post","link":"https:\/\/www.coalitionfrancaise.org\/en\/call-for-applications-cultural-diversity-prize-2022\/","title":{"rendered":"Call for applications: cultural diversity prize 2022"},"content":{"rendered":"<p>Since 2011, the French Coalition for Cultural Diversity has awarded a \u20ac5,000 prize each year to an association or initiative that aims to <b>promote access to culture and highlight cultural<\/b> diversity in all its forms: music, theatre, circus, cinema, visual arts, etc. All disciplines are eligible, so don&#8217;t wait!<\/p>\n<p>Applications must be submitted using the <a href=\"https:\/\/docs.google.com\/forms\/d\/e\/1FAIpQLSexf0gdiveCPwlcVvNl_9Z3POgf2W3nwmMgP4CYS8t8nbK3Hg\/viewform?usp=sf_link\">online form<\/a> by 15 September 2022.<\/p>\n<p>Applications will be examined by a jury made up of cultural organisations that are members of the French Coalition.<\/p>\n<p>The name of the winning organisation will be published on the Coalition&#8217;s website in autumn 2022.<\/p>\n<p>See the <a href=\"https:\/\/www.coalitionfrancaise.org\/wp-content\/uploads\/2022\/06\/CRITERES-D-ATTRIBUTION-DU-PRIX-revise-2022.pdf\">conditions and eligibility criteria for the award<\/a>.<\/p>\n<p>Winners from previous years:<\/p>\n<p><strong>2021: Principe Actif association<\/strong><\/p>\n<p><b>2020: Les Suds Festival in Arles and the Rualit\u00e9<\/b> organisation<\/p>\n<p><b><strong>2019: Clowns Sans Fronti\u00e8res<\/strong><\/b><\/p>\n<p><b><strong>2018: Nuits M\u00e9tis Festival<\/strong><\/b><\/p>\n<p><b><strong>2017: Sens Interdits Festival<\/strong><\/b><\/p>\n<p><b><strong>2016: the Caravane des Dix Mots<\/strong><\/b><\/p>\n<p><b><strong>2015: l&#8217;Art \u00e9clair association<\/strong><\/b><\/p>\n<p><b><strong>2014: the Observatory of Cultural Diversity <\/strong><\/b><\/p>\n<p><b><strong>2013: the association Voix de Femmes \u00e0 Bruxelles (Women&#8217;s Voices in Brussels)<\/strong><\/b><\/p>\n<p><b><strong>2012: ASPAS <\/strong><\/b><\/p>\n<p><b><strong>2011: Festival Musiques M\u00e9tisses (Mixed Music Festival)<\/strong><\/b><\/p>\n","protected":false},"excerpt":{"rendered":"<p>Since 2011, the French Coalition for Cultural Diversity has awarded a \u20ac5,000 prize each year to an association or initiative that aims to promote access to culture and highlight cultural diversity in all its forms: music, theatre, circus, cinema, visual arts, etc. All disciplines are eligible, so don&#8217;t wait! Applications must be submitted using the &hellip;<\/p>\n<p class=\"read-more\"> <a class=\"\" href=\"https:\/\/www.coalitionfrancaise.org\/en\/call-for-applications-cultural-diversity-prize-2022\/\"> <span class=\"screen-reader-text\">Call for applications: cultural diversity prize 2022<\/span> Read More \u00bb<\/a><\/p>\n","protected":false},"author":14,"featured_media":13216,"comment_status":"closed","ping_status":"closed","sticky":false,"template":"","format":"standard","meta":{"site-sidebar-layout":"default","site-content-layout":"default","ast-global-header-display":"","ast-main-header-display":"","ast-hfb-above-header-display":"","ast-hfb-below-header-display":"","ast-hfb-mobile-header-display":"","site-post-title":"","ast-breadcrumbs-content":"","ast-featured-img":"","footer-sml-layout":"","theme-transparent-header-meta":"default","adv-header-id-meta":"","stick-header-meta":"default","header-above-stick-meta":"","header-main-stick-meta":"","header-below-stick-meta":"","ngg_post_thumbnail":0},"categories":[],"tags":[328,330,338],"acf":[],"yoast_head":"<!-- This site is optimized with the Yoast SEO plugin v20.3 - https:\/\/yoast.com\/wordpress\/plugins\/seo\/ -->\n<title>Call for applications: cultural diversity prize 2022 &bull; Coalition fran\u00e7aise pour la diversit\u00e9 culturelle<\/title>\n<meta name=\"robots\" content=\"index, follow, max-snippet:-1, max-image-preview:large, max-video-preview:-1\" \/>\n<link rel=\"canonical\" href=\"https:\/\/www.coalitionfrancaise.org\/en\/call-for-applications-cultural-diversity-prize-2022\/\" \/>\n<meta name=\"twitter:label1\" content=\"Written by\" \/>\n\t<meta name=\"twitter:data1\" content=\"zoe.lencki@sacd.fr\" \/>\n\t<meta name=\"twitter:label2\" content=\"Est. reading time\" \/>\n\t<meta name=\"twitter:data2\" content=\"1 minute\" \/>\n<script type=\"application\/ld+json\" class=\"yoast-schema-graph\">{\"@context\":\"https:\/\/schema.org\",\"@graph\":[{\"@type\":\"Article\",\"@id\":\"https:\/\/www.coalitionfrancaise.org\/en\/call-for-applications-cultural-diversity-prize-2022\/#article\",\"isPartOf\":{\"@id\":\"https:\/\/www.coalitionfrancaise.org\/en\/call-for-applications-cultural-diversity-prize-2022\/\"},\"author\":{\"name\":\"zoe.lencki@sacd.fr\",\"@id\":\"https:\/\/www.coalitionfrancaise.org\/en\/#\/schema\/person\/d0f6e58e6ccb656880ce15c121e5fc40\"},\"headline\":\"Call for applications: cultural diversity prize 2022\",\"datePublished\":\"2022-06-24T13:36:22+00:00\",\"dateModified\":\"2025-03-05T14:38:27+00:00\",\"mainEntityOfPage\":{\"@id\":\"https:\/\/www.coalitionfrancaise.org\/en\/call-for-applications-cultural-diversity-prize-2022\/\"},\"wordCount\":164,\"publisher\":{\"@id\":\"https:\/\/www.coalitionfrancaise.org\/en\/#organization\"},\"keywords\":[\"Cultural Diversity\",\"Cultural diversity awards\",\"Press release\"],\"inLanguage\":\"en-US\"},{\"@type\":\"WebPage\",\"@id\":\"https:\/\/www.coalitionfrancaise.org\/en\/call-for-applications-cultural-diversity-prize-2022\/\",\"url\":\"https:\/\/www.coalitionfrancaise.org\/en\/call-for-applications-cultural-diversity-prize-2022\/\",\"name\":\"Call for applications: cultural diversity prize 2022 &bull; Coalition fran\u00e7aise pour la diversit\u00e9 culturelle\",\"isPartOf\":{\"@id\":\"https:\/\/www.coalitionfrancaise.org\/en\/#website\"},\"datePublished\":\"2022-06-24T13:36:22+00:00\",\"dateModified\":\"2025-03-05T14:38:27+00:00\",\"breadcrumb\":{\"@id\":\"https:\/\/www.coalitionfrancaise.org\/en\/call-for-applications-cultural-diversity-prize-2022\/#breadcrumb\"},\"inLanguage\":\"en-US\",\"potentialAction\":[{\"@type\":\"ReadAction\",\"target\":[\"https:\/\/www.coalitionfrancaise.org\/en\/call-for-applications-cultural-diversity-prize-2022\/\"]}]},{\"@type\":\"BreadcrumbList\",\"@id\":\"https:\/\/www.coalitionfrancaise.org\/en\/call-for-applications-cultural-diversity-prize-2022\/#breadcrumb\",\"itemListElement\":[{\"@type\":\"ListItem\",\"position\":1,\"name\":\"Accueil\",\"item\":\"https:\/\/www.coalitionfrancaise.org\/en\/home\/\"},{\"@type\":\"ListItem\",\"position\":2,\"name\":\"Call for applications: cultural diversity prize 2022\"}]},{\"@type\":\"WebSite\",\"@id\":\"https:\/\/www.coalitionfrancaise.org\/en\/#website\",\"url\":\"https:\/\/www.coalitionfrancaise.org\/en\/\",\"name\":\"Coalition fran\u00e7aise pour la diversit\u00e9 culturelle\",\"description\":\"D\u00e9fense la diversit\u00e9 culturelle dans les n\u00e9gociations commerciales internationales.\",\"publisher\":{\"@id\":\"https:\/\/www.coalitionfrancaise.org\/en\/#organization\"},\"potentialAction\":[{\"@type\":\"SearchAction\",\"target\":{\"@type\":\"EntryPoint\",\"urlTemplate\":\"https:\/\/www.coalitionfrancaise.org\/en\/?s={search_term_string}\"},\"query-input\":\"required name=search_term_string\"}],\"inLanguage\":\"en-US\"},{\"@type\":\"Organization\",\"@id\":\"https:\/\/www.coalitionfrancaise.org\/en\/#organization\",\"name\":\"Coalition Fran\u00e7aise pour la Diversit\u00e9 Culturelle\",\"url\":\"https:\/\/www.coalitionfrancaise.org\/en\/\",\"logo\":{\"@type\":\"ImageObject\",\"inLanguage\":\"en-US\",\"@id\":\"https:\/\/www.coalitionfrancaise.org\/en\/#\/schema\/logo\/image\/\",\"url\":\"https:\/\/www.coalitionfrancaise.org\/wp-content\/uploads\/2021\/12\/coalitionFrancaise.png\",\"contentUrl\":\"https:\/\/www.coalitionfrancaise.org\/wp-content\/uploads\/2021\/12\/coalitionFrancaise.png\",\"width\":190,\"height\":138,\"caption\":\"Coalition Fran\u00e7aise pour la Diversit\u00e9 Culturelle\"},\"image\":{\"@id\":\"https:\/\/www.coalitionfrancaise.org\/en\/#\/schema\/logo\/image\/\"}},{\"@type\":\"Person\",\"@id\":\"https:\/\/www.coalitionfrancaise.org\/en\/#\/schema\/person\/d0f6e58e6ccb656880ce15c121e5fc40\",\"name\":\"zoe.lencki@sacd.fr\",\"image\":{\"@type\":\"ImageObject\",\"inLanguage\":\"en-US\",\"@id\":\"https:\/\/www.coalitionfrancaise.org\/en\/#\/schema\/person\/image\/\",\"url\":\"https:\/\/secure.gravatar.com\/avatar\/a79dfe2b8b0532be8305b55de5e8135c?s=96&d=mm&r=g\",\"contentUrl\":\"https:\/\/secure.gravatar.com\/avatar\/a79dfe2b8b0532be8305b55de5e8135c?s=96&d=mm&r=g\",\"caption\":\"zoe.lencki@sacd.fr\"},\"url\":\"https:\/\/www.coalitionfrancaise.org\/en\/author\/zoe-lenckisacd-fr\/\"}]}<\/script>\n<!-- \/ Yoast SEO plugin. -->","yoast_head_json":{"title":"Call for applications: cultural diversity prize 2022 &bull; Coalition fran\u00e7aise pour la diversit\u00e9 culturelle","robots":{"index":"index","follow":"follow","max-snippet":"max-snippet:-1","max-image-preview":"max-image-preview:large","max-video-preview":"max-video-preview:-1"},"canonical":"https:\/\/www.coalitionfrancaise.org\/en\/call-for-applications-cultural-diversity-prize-2022\/","twitter_misc":{"Written by":"zoe.lencki@sacd.fr","Est. reading time":"1 minute"},"schema":{"@context":"https:\/\/schema.org","@graph":[{"@type":"Article","@id":"https:\/\/www.coalitionfrancaise.org\/en\/call-for-applications-cultural-diversity-prize-2022\/#article","isPartOf":{"@id":"https:\/\/www.coalitionfrancaise.org\/en\/call-for-applications-cultural-diversity-prize-2022\/"},"author":{"name":"zoe.lencki@sacd.fr","@id":"https:\/\/www.coalitionfrancaise.org\/en\/#\/schema\/person\/d0f6e58e6ccb656880ce15c121e5fc40"},"headline":"Call for applications: cultural diversity prize 2022","datePublished":"2022-06-24T13:36:22+00:00","dateModified":"2025-03-05T14:38:27+00:00","mainEntityOfPage":{"@id":"https:\/\/www.coalitionfrancaise.org\/en\/call-for-applications-cultural-diversity-prize-2022\/"},"wordCount":164,"publisher":{"@id":"https:\/\/www.coalitionfrancaise.org\/en\/#organization"},"keywords":["Cultural Diversity","Cultural diversity awards","Press release"],"inLanguage":"en-US"},{"@type":"WebPage","@id":"https:\/\/www.coalitionfrancaise.org\/en\/call-for-applications-cultural-diversity-prize-2022\/","url":"https:\/\/www.coalitionfrancaise.org\/en\/call-for-applications-cultural-diversity-prize-2022\/","name":"Call for applications: cultural diversity prize 2022 &bull; Coalition fran\u00e7aise pour la diversit\u00e9 culturelle","isPartOf":{"@id":"https:\/\/www.coalitionfrancaise.org\/en\/#website"},"datePublished":"2022-06-24T13:36:22+00:00","dateModified":"2025-03-05T14:38:27+00:00","breadcrumb":{"@id":"https:\/\/www.coalitionfrancaise.org\/en\/call-for-applications-cultural-diversity-prize-2022\/#breadcrumb"},"inLanguage":"en-US","potentialAction":[{"@type":"ReadAction","target":["https:\/\/www.coalitionfrancaise.org\/en\/call-for-applications-cultural-diversity-prize-2022\/"]}]},{"@type":"BreadcrumbList","@id":"https:\/\/www.coalitionfrancaise.org\/en\/call-for-applications-cultural-diversity-prize-2022\/#breadcrumb","itemListElement":[{"@type":"ListItem","position":1,"name":"Accueil","item":"https:\/\/www.coalitionfrancaise.org\/en\/home\/"},{"@type":"ListItem","position":2,"name":"Call for applications: cultural diversity prize 2022"}]},{"@type":"WebSite","@id":"https:\/\/www.coalitionfrancaise.org\/en\/#website","url":"https:\/\/www.coalitionfrancaise.org\/en\/","name":"Coalition fran\u00e7aise pour la diversit\u00e9 culturelle","description":"D\u00e9fense la diversit\u00e9 culturelle dans les n\u00e9gociations commerciales internationales.","publisher":{"@id":"https:\/\/www.coalitionfrancaise.org\/en\/#organization"},"potentialAction":[{"@type":"SearchAction","target":{"@type":"EntryPoint","urlTemplate":"https:\/\/www.coalitionfrancaise.org\/en\/?s={search_term_string}"},"query-input":"required name=search_term_string"}],"inLanguage":"en-US"},{"@type":"Organization","@id":"https:\/\/www.coalitionfrancaise.org\/en\/#organization","name":"Coalition Fran\u00e7aise pour la Diversit\u00e9 Culturelle","url":"https:\/\/www.coalitionfrancaise.org\/en\/","logo":{"@type":"ImageObject","inLanguage":"en-US","@id":"https:\/\/www.coalitionfrancaise.org\/en\/#\/schema\/logo\/image\/","url":"https:\/\/www.coalitionfrancaise.org\/wp-content\/uploads\/2021\/12\/coalitionFrancaise.png","contentUrl":"https:\/\/www.coalitionfrancaise.org\/wp-content\/uploads\/2021\/12\/coalitionFrancaise.png","width":190,"height":138,"caption":"Coalition Fran\u00e7aise pour la Diversit\u00e9 Culturelle"},"image":{"@id":"https:\/\/www.coalitionfrancaise.org\/en\/#\/schema\/logo\/image\/"}},{"@type":"Person","@id":"https:\/\/www.coalitionfrancaise.org\/en\/#\/schema\/person\/d0f6e58e6ccb656880ce15c121e5fc40","name":"zoe.lencki@sacd.fr","image":{"@type":"ImageObject","inLanguage":"en-US","@id":"https:\/\/www.coalitionfrancaise.org\/en\/#\/schema\/person\/image\/","url":"https:\/\/secure.gravatar.com\/avatar\/a79dfe2b8b0532be8305b55de5e8135c?s=96&d=mm&r=g","contentUrl":"https:\/\/secure.gravatar.com\/avatar\/a79dfe2b8b0532be8305b55de5e8135c?s=96&d=mm&r=g","caption":"zoe.lencki@sacd.fr"},"url":"https:\/\/www.coalitionfrancaise.org\/en\/author\/zoe-lenckisacd-fr\/"}]}},"_links":{"self":[{"href":"https:\/\/www.coalitionfrancaise.org\/en\/wp-json\/wp\/v2\/posts\/17590"}],"collection":[{"href":"https:\/\/www.coalitionfrancaise.org\/en\/wp-json\/wp\/v2\/posts"}],"about":[{"href":"https:\/\/www.coalitionfrancaise.org\/en\/wp-json\/wp\/v2\/types\/post"}],"author":[{"embeddable":true,"href":"https:\/\/www.coalitionfrancaise.org\/en\/wp-json\/wp\/v2\/users\/14"}],"replies":[{"embeddable":true,"href":"https:\/\/www.coalitionfrancaise.org\/en\/wp-json\/wp\/v2\/comments?post=17590"}],"version-history":[{"count":1,"href":"https:\/\/www.coalitionfrancaise.org\/en\/wp-json\/wp\/v2\/posts\/17590\/revisions"}],"predecessor-version":[{"id":17591,"href":"https:\/\/www.coalitionfrancaise.org\/en\/wp-json\/wp\/v2\/posts\/17590\/revisions\/17591"}],"wp:featuredmedia":[{"embeddable":true,"href":"https:\/\/www.coalitionfrancaise.org\/en\/wp-json\/wp\/v2\/media\/13216"}],"wp:attachment":[{"href":"https:\/\/www.coalitionfrancaise.org\/en\/wp-json\/wp\/v2\/media?parent=17590"}],"wp:term":[{"taxonomy":"category","embeddable":true,"href":"https:\/\/www.coalitionfrancaise.org\/en\/wp-json\/wp\/v2\/categories?post=17590"},{"taxonomy":"post_tag","embeddable":true,"href":"https:\/\/www.coalitionfrancaise.org\/en\/wp-json\/wp\/v2\/tags?post=17590"}],"curies":[{"name":"wp","href":"https:\/\/api.w.org\/{rel}","templated":true}]}}