{"id":2898,"date":"2010-12-10T15:38:41","date_gmt":"2010-12-10T13:38:41","guid":{"rendered":"https:\/\/www.coalitionfrancaise.org\/?p=2898"},"modified":"2022-05-02T15:41:55","modified_gmt":"2022-05-02T13:41:55","slug":"cultural-diversity-good-practices-from-around-the-globe-2","status":"publish","type":"post","link":"https:\/\/www.coalitionfrancaise.org\/en\/cultural-diversity-good-practices-from-around-the-globe-2\/","title":{"rendered":"Cultural diversity : Good practices from around the globe"},"content":{"rendered":"<p>On the occasion of the Fourth ordinary session of the Intergovernmental Committee, the UNESCO launched a publication called <strong>\u201cMapping Cultural Diversity \u2013 Good Practices from Around the Globe\u201d.<\/strong>&nbsp;<\/p>\n<p>This is the result of the collaborative work of the <a href=\"http:\/\/www.asef.org\/\"><strong>Asia-Europe Foundation<\/strong><\/a> and the <a href=\"http:\/\/www.unesco.de\/\"><strong>German Commission for UNESCO<\/strong><\/a> with contributions from the <strong>U40 Network for \u201cCultural Diversity 2030&#8243;.<\/strong><\/p>\n<p>This publication highlights&nbsp;a variety of &nbsp;public or private initiatives, policies, programs and creations to protect or promote cultural diversity in many countries around the world.<\/p>\n<p>&nbsp;<a href=\"http:\/\/culture360.org\/wp-content\/blogs.dir\/1\/files\/Mapping-Cultural-Diversity-DUK-ASEF-Nov-2010.pdf\">Download the publication here<\/a><\/p>\n<p>&nbsp;<\/p>\n","protected":false},"excerpt":{"rendered":"<p>On the occasion of the Fourth ordinary session of the Intergovernmental Committee, the UNESCO launched a publication called \u201cMapping Cultural Diversity \u2013 Good Practices from Around the Globe\u201d.&nbsp; This is the result of the collaborative work of the Asia-Europe Foundation and the German Commission for UNESCO with contributions from the U40 Network for \u201cCultural Diversity &hellip;<\/p>\n<p class=\"read-more\"> <a class=\"\" href=\"https:\/\/www.coalitionfrancaise.org\/en\/cultural-diversity-good-practices-from-around-the-globe-2\/\"> <span class=\"screen-reader-text\">Cultural diversity : Good practices from around the globe<\/span> Read More \u00bb<\/a><\/p>\n","protected":false},"author":1,"featured_media":2510,"comment_status":"closed","ping_status":"closed","sticky":false,"template":"","format":"standard","meta":{"site-sidebar-layout":"default","site-content-layout":"default","ast-global-header-display":"","ast-main-header-display":"","ast-hfb-above-header-display":"","ast-hfb-below-header-display":"","ast-hfb-mobile-header-display":"","site-post-title":"","ast-breadcrumbs-content":"","ast-featured-img":"","footer-sml-layout":"","theme-transparent-header-meta":"default","adv-header-id-meta":"","stick-header-meta":"default","header-above-stick-meta":"","header-main-stick-meta":"","header-below-stick-meta":"","ngg_post_thumbnail":0},"categories":[227],"tags":[],"acf":[],"yoast_head":"<!-- This site is optimized with the Yoast SEO plugin v20.3 - https:\/\/yoast.com\/wordpress\/plugins\/seo\/ -->\n<title>Cultural diversity : Good practices from around the globe &bull; Coalition fran\u00e7aise pour la diversit\u00e9 culturelle<\/title>\n<meta name=\"robots\" content=\"index, follow, max-snippet:-1, max-image-preview:large, max-video-preview:-1\" \/>\n<link rel=\"canonical\" href=\"https:\/\/www.coalitionfrancaise.org\/en\/cultural-diversity-good-practices-from-around-the-globe-2\/\" \/>\n<meta name=\"twitter:label1\" content=\"Written by\" \/>\n\t<meta name=\"twitter:data1\" content=\"admin\" \/>\n<script type=\"application\/ld+json\" class=\"yoast-schema-graph\">{\"@context\":\"https:\/\/schema.org\",\"@graph\":[{\"@type\":\"Article\",\"@id\":\"https:\/\/www.coalitionfrancaise.org\/en\/cultural-diversity-good-practices-from-around-the-globe-2\/#article\",\"isPartOf\":{\"@id\":\"https:\/\/www.coalitionfrancaise.org\/en\/cultural-diversity-good-practices-from-around-the-globe-2\/\"},\"author\":{\"name\":\"admin\",\"@id\":\"https:\/\/www.coalitionfrancaise.org\/en\/#\/schema\/person\/bfa36e0dceda377dc91a2fd86e681d02\"},\"headline\":\"Cultural diversity : Good practices from around the globe\",\"datePublished\":\"2010-12-10T13:38:41+00:00\",\"dateModified\":\"2022-05-02T13:41:55+00:00\",\"mainEntityOfPage\":{\"@id\":\"https:\/\/www.coalitionfrancaise.org\/en\/cultural-diversity-good-practices-from-around-the-globe-2\/\"},\"wordCount\":97,\"publisher\":{\"@id\":\"https:\/\/www.coalitionfrancaise.org\/en\/#organization\"},\"articleSection\":[\"UNESCO\"],\"inLanguage\":\"en-US\"},{\"@type\":\"WebPage\",\"@id\":\"https:\/\/www.coalitionfrancaise.org\/en\/cultural-diversity-good-practices-from-around-the-globe-2\/\",\"url\":\"https:\/\/www.coalitionfrancaise.org\/en\/cultural-diversity-good-practices-from-around-the-globe-2\/\",\"name\":\"Cultural diversity : Good practices from around the globe &bull; Coalition fran\u00e7aise pour la diversit\u00e9 culturelle\",\"isPartOf\":{\"@id\":\"https:\/\/www.coalitionfrancaise.org\/en\/#website\"},\"datePublished\":\"2010-12-10T13:38:41+00:00\",\"dateModified\":\"2022-05-02T13:41:55+00:00\",\"breadcrumb\":{\"@id\":\"https:\/\/www.coalitionfrancaise.org\/en\/cultural-diversity-good-practices-from-around-the-globe-2\/#breadcrumb\"},\"inLanguage\":\"en-US\",\"potentialAction\":[{\"@type\":\"ReadAction\",\"target\":[\"https:\/\/www.coalitionfrancaise.org\/en\/cultural-diversity-good-practices-from-around-the-globe-2\/\"]}]},{\"@type\":\"BreadcrumbList\",\"@id\":\"https:\/\/www.coalitionfrancaise.org\/en\/cultural-diversity-good-practices-from-around-the-globe-2\/#breadcrumb\",\"itemListElement\":[{\"@type\":\"ListItem\",\"position\":1,\"name\":\"Accueil\",\"item\":\"https:\/\/www.coalitionfrancaise.org\/en\/home\/\"},{\"@type\":\"ListItem\",\"position\":2,\"name\":\"Cultural diversity : Good practices from around the globe\"}]},{\"@type\":\"WebSite\",\"@id\":\"https:\/\/www.coalitionfrancaise.org\/en\/#website\",\"url\":\"https:\/\/www.coalitionfrancaise.org\/en\/\",\"name\":\"Coalition fran\u00e7aise pour la diversit\u00e9 culturelle\",\"description\":\"D\u00e9fense la diversit\u00e9 culturelle dans les n\u00e9gociations commerciales internationales.\",\"publisher\":{\"@id\":\"https:\/\/www.coalitionfrancaise.org\/en\/#organization\"},\"potentialAction\":[{\"@type\":\"SearchAction\",\"target\":{\"@type\":\"EntryPoint\",\"urlTemplate\":\"https:\/\/www.coalitionfrancaise.org\/en\/?s={search_term_string}\"},\"query-input\":\"required name=search_term_string\"}],\"inLanguage\":\"en-US\"},{\"@type\":\"Organization\",\"@id\":\"https:\/\/www.coalitionfrancaise.org\/en\/#organization\",\"name\":\"Coalition Fran\u00e7aise pour la Diversit\u00e9 Culturelle\",\"url\":\"https:\/\/www.coalitionfrancaise.org\/en\/\",\"logo\":{\"@type\":\"ImageObject\",\"inLanguage\":\"en-US\",\"@id\":\"https:\/\/www.coalitionfrancaise.org\/en\/#\/schema\/logo\/image\/\",\"url\":\"https:\/\/www.coalitionfrancaise.org\/wp-content\/uploads\/2021\/12\/coalitionFrancaise.png\",\"contentUrl\":\"https:\/\/www.coalitionfrancaise.org\/wp-content\/uploads\/2021\/12\/coalitionFrancaise.png\",\"width\":190,\"height\":138,\"caption\":\"Coalition Fran\u00e7aise pour la Diversit\u00e9 Culturelle\"},\"image\":{\"@id\":\"https:\/\/www.coalitionfrancaise.org\/en\/#\/schema\/logo\/image\/\"}},{\"@type\":\"Person\",\"@id\":\"https:\/\/www.coalitionfrancaise.org\/en\/#\/schema\/person\/bfa36e0dceda377dc91a2fd86e681d02\",\"name\":\"admin\",\"image\":{\"@type\":\"ImageObject\",\"inLanguage\":\"en-US\",\"@id\":\"https:\/\/www.coalitionfrancaise.org\/en\/#\/schema\/person\/image\/\",\"url\":\"https:\/\/secure.gravatar.com\/avatar\/2ec5068843fbb57b08a837e5228f2f84?s=96&d=mm&r=g\",\"contentUrl\":\"https:\/\/secure.gravatar.com\/avatar\/2ec5068843fbb57b08a837e5228f2f84?s=96&d=mm&r=g\",\"caption\":\"admin\"},\"url\":\"https:\/\/www.coalitionfrancaise.org\/en\/author\/admin\/\"}]}<\/script>\n<!-- \/ Yoast SEO plugin. -->","yoast_head_json":{"title":"Cultural diversity : Good practices from around the globe &bull; Coalition fran\u00e7aise pour la diversit\u00e9 culturelle","robots":{"index":"index","follow":"follow","max-snippet":"max-snippet:-1","max-image-preview":"max-image-preview:large","max-video-preview":"max-video-preview:-1"},"canonical":"https:\/\/www.coalitionfrancaise.org\/en\/cultural-diversity-good-practices-from-around-the-globe-2\/","twitter_misc":{"Written by":"admin"},"schema":{"@context":"https:\/\/schema.org","@graph":[{"@type":"Article","@id":"https:\/\/www.coalitionfrancaise.org\/en\/cultural-diversity-good-practices-from-around-the-globe-2\/#article","isPartOf":{"@id":"https:\/\/www.coalitionfrancaise.org\/en\/cultural-diversity-good-practices-from-around-the-globe-2\/"},"author":{"name":"admin","@id":"https:\/\/www.coalitionfrancaise.org\/en\/#\/schema\/person\/bfa36e0dceda377dc91a2fd86e681d02"},"headline":"Cultural diversity : Good practices from around the globe","datePublished":"2010-12-10T13:38:41+00:00","dateModified":"2022-05-02T13:41:55+00:00","mainEntityOfPage":{"@id":"https:\/\/www.coalitionfrancaise.org\/en\/cultural-diversity-good-practices-from-around-the-globe-2\/"},"wordCount":97,"publisher":{"@id":"https:\/\/www.coalitionfrancaise.org\/en\/#organization"},"articleSection":["UNESCO"],"inLanguage":"en-US"},{"@type":"WebPage","@id":"https:\/\/www.coalitionfrancaise.org\/en\/cultural-diversity-good-practices-from-around-the-globe-2\/","url":"https:\/\/www.coalitionfrancaise.org\/en\/cultural-diversity-good-practices-from-around-the-globe-2\/","name":"Cultural diversity : Good practices from around the globe &bull; Coalition fran\u00e7aise pour la diversit\u00e9 culturelle","isPartOf":{"@id":"https:\/\/www.coalitionfrancaise.org\/en\/#website"},"datePublished":"2010-12-10T13:38:41+00:00","dateModified":"2022-05-02T13:41:55+00:00","breadcrumb":{"@id":"https:\/\/www.coalitionfrancaise.org\/en\/cultural-diversity-good-practices-from-around-the-globe-2\/#breadcrumb"},"inLanguage":"en-US","potentialAction":[{"@type":"ReadAction","target":["https:\/\/www.coalitionfrancaise.org\/en\/cultural-diversity-good-practices-from-around-the-globe-2\/"]}]},{"@type":"BreadcrumbList","@id":"https:\/\/www.coalitionfrancaise.org\/en\/cultural-diversity-good-practices-from-around-the-globe-2\/#breadcrumb","itemListElement":[{"@type":"ListItem","position":1,"name":"Accueil","item":"https:\/\/www.coalitionfrancaise.org\/en\/home\/"},{"@type":"ListItem","position":2,"name":"Cultural diversity : Good practices from around the globe"}]},{"@type":"WebSite","@id":"https:\/\/www.coalitionfrancaise.org\/en\/#website","url":"https:\/\/www.coalitionfrancaise.org\/en\/","name":"Coalition fran\u00e7aise pour la diversit\u00e9 culturelle","description":"D\u00e9fense la diversit\u00e9 culturelle dans les n\u00e9gociations commerciales internationales.","publisher":{"@id":"https:\/\/www.coalitionfrancaise.org\/en\/#organization"},"potentialAction":[{"@type":"SearchAction","target":{"@type":"EntryPoint","urlTemplate":"https:\/\/www.coalitionfrancaise.org\/en\/?s={search_term_string}"},"query-input":"required name=search_term_string"}],"inLanguage":"en-US"},{"@type":"Organization","@id":"https:\/\/www.coalitionfrancaise.org\/en\/#organization","name":"Coalition Fran\u00e7aise pour la Diversit\u00e9 Culturelle","url":"https:\/\/www.coalitionfrancaise.org\/en\/","logo":{"@type":"ImageObject","inLanguage":"en-US","@id":"https:\/\/www.coalitionfrancaise.org\/en\/#\/schema\/logo\/image\/","url":"https:\/\/www.coalitionfrancaise.org\/wp-content\/uploads\/2021\/12\/coalitionFrancaise.png","contentUrl":"https:\/\/www.coalitionfrancaise.org\/wp-content\/uploads\/2021\/12\/coalitionFrancaise.png","width":190,"height":138,"caption":"Coalition Fran\u00e7aise pour la Diversit\u00e9 Culturelle"},"image":{"@id":"https:\/\/www.coalitionfrancaise.org\/en\/#\/schema\/logo\/image\/"}},{"@type":"Person","@id":"https:\/\/www.coalitionfrancaise.org\/en\/#\/schema\/person\/bfa36e0dceda377dc91a2fd86e681d02","name":"admin","image":{"@type":"ImageObject","inLanguage":"en-US","@id":"https:\/\/www.coalitionfrancaise.org\/en\/#\/schema\/person\/image\/","url":"https:\/\/secure.gravatar.com\/avatar\/2ec5068843fbb57b08a837e5228f2f84?s=96&d=mm&r=g","contentUrl":"https:\/\/secure.gravatar.com\/avatar\/2ec5068843fbb57b08a837e5228f2f84?s=96&d=mm&r=g","caption":"admin"},"url":"https:\/\/www.coalitionfrancaise.org\/en\/author\/admin\/"}]}},"_links":{"self":[{"href":"https:\/\/www.coalitionfrancaise.org\/en\/wp-json\/wp\/v2\/posts\/2898"}],"collection":[{"href":"https:\/\/www.coalitionfrancaise.org\/en\/wp-json\/wp\/v2\/posts"}],"about":[{"href":"https:\/\/www.coalitionfrancaise.org\/en\/wp-json\/wp\/v2\/types\/post"}],"author":[{"embeddable":true,"href":"https:\/\/www.coalitionfrancaise.org\/en\/wp-json\/wp\/v2\/users\/1"}],"replies":[{"embeddable":true,"href":"https:\/\/www.coalitionfrancaise.org\/en\/wp-json\/wp\/v2\/comments?post=2898"}],"version-history":[{"count":1,"href":"https:\/\/www.coalitionfrancaise.org\/en\/wp-json\/wp\/v2\/posts\/2898\/revisions"}],"predecessor-version":[{"id":12017,"href":"https:\/\/www.coalitionfrancaise.org\/en\/wp-json\/wp\/v2\/posts\/2898\/revisions\/12017"}],"wp:featuredmedia":[{"embeddable":true,"href":"https:\/\/www.coalitionfrancaise.org\/en\/wp-json\/wp\/v2\/media\/2510"}],"wp:attachment":[{"href":"https:\/\/www.coalitionfrancaise.org\/en\/wp-json\/wp\/v2\/media?parent=2898"}],"wp:term":[{"taxonomy":"category","embeddable":true,"href":"https:\/\/www.coalitionfrancaise.org\/en\/wp-json\/wp\/v2\/categories?post=2898"},{"taxonomy":"post_tag","embeddable":true,"href":"https:\/\/www.coalitionfrancaise.org\/en\/wp-json\/wp\/v2\/tags?post=2898"}],"curies":[{"name":"wp","href":"https:\/\/api.w.org\/{rel}","templated":true}]}}